{"id":160294,"date":"2026-09-03T14:53:30","date_gmt":"2026-09-03T17:53:30","guid":{"rendered":"https:\/\/www.orc.com.br\/novo\/?p=160294"},"modified":"2026-09-03T14:53:30","modified_gmt":"2026-09-03T17:53:30","slug":"160294","status":"publish","type":"post","link":"https:\/\/www.orc.com.br\/novo\/brasil\/160294.html","title":{"rendered":""},"content":{"rendered":"<p class=\"styles__ParagraphStyled-sc-6adecn-0 eshtnQ theme-default     \" data-component-name=\"paragraph\">O deputado federal <a title=\"https:\/\/www.estadao.com.br\/tudo-sobre\/nikolas-ferreira\/?srsltid=AfmBOop05VbhAWxTw_trhZ2_JNsdOroozVK2VnzFS6nJm5jiSJ-uewcd\" href=\"https:\/\/www.estadao.com.br\/tudo-sobre\/nikolas-ferreira\/?srsltid=AfmBOop05VbhAWxTw_trhZ2_JNsdOroozVK2VnzFS6nJm5jiSJ-uewcd\" target=\"_blank\" rel=\"noopener noreferrer\"><strong>Nikolas Ferreira<\/strong><\/a> (PL-MG) pediu ajuda ao ex-dono do <a title=\"https:\/\/www.estadao.com.br\/tudo-sobre\/banco-master\/?srsltid=AfmBOoo4oM78gd0TPPEeJBGZLyyr0Md-u36cKzEitJTrgYyQbX1vjtpj\" href=\"https:\/\/www.estadao.com.br\/tudo-sobre\/banco-master\/?srsltid=AfmBOoo4oM78gd0TPPEeJBGZLyyr0Md-u36cKzEitJTrgYyQbX1vjtpj\" target=\"_blank\" rel=\"noopener noreferrer\"><strong>Banco Master<\/strong><\/a>, <a title=\"https:\/\/www.estadao.com.br\/tudo-sobre\/daniel-vorcaro\/?srsltid=AfmBOoqMNVc7Q7qD0oWaFsrPzgJaxr-d26UDiYFAUS_4DSL3mPAx2pcL\" href=\"https:\/\/www.estadao.com.br\/tudo-sobre\/daniel-vorcaro\/?srsltid=AfmBOoqMNVc7Q7qD0oWaFsrPzgJaxr-d26UDiYFAUS_4DSL3mPAx2pcL\" target=\"_blank\" rel=\"noopener noreferrer\"><strong>Daniel Vorcaro<\/strong><\/a>, para a libera\u00e7\u00e3o de um ativo miner\u00e1rio e afirmou querer \u201cter mais proximidade\u201d com ele. As declara\u00e7\u00f5es est\u00e3o em \u00e1udios divulgados pelo site <em>ICL Not\u00edcias<\/em>.<\/p>\n<div class=\"styles__MultiParagraphAdStyled-sc-1yb8ue6-0 kpdGZL theme-default\" data-component-name=\"multi-paragraph\">\n<div class=\"paragraph\">\n<p>Procurada, a assessoria de Nikolas afirmou que a Pol\u00edcia Federal (PF) apontou que n\u00e3o h\u00e1 ind\u00edcios de crimes do deputado em conversa com Vorcaro. \u201cN\u00e3o foram identificados ind\u00edcios suficientes para sugerir a abertura de inqu\u00e9rito espec\u00edfico ou ado\u00e7\u00e3o de medidas investigativas em face do Deputado Nikolas Ferreira\u201d, disse.<\/p>\n<\/div>\n<\/div>\n<p class=\"styles__ParagraphStyled-sc-6adecn-0 eshtnQ theme-default     \" data-component-name=\"paragraph\">Nas redes sociais, o deputado publicou um v\u00eddeo sobre o caso. Nikolas afirmou ter recebido o contato de Vorcaro em setembro de 2023, por meio do l\u00edder da Igreja Batista da Lagoinha, pastor Andr\u00e9 Valad\u00e3o. \u201cEu nunca chamei ele de lind\u00e3o\u201d, disse o deputado.<\/p>\n<p>Segundo a reportagem, o primeiro \u00e1udio foi enviado em <strong>30 de mar\u00e7o de 2025<\/strong>. Nele, Nikolas pede que Vorcaro <strong>ajude seu advogado e ex-assessor de seu gabinete, Thiago Rodrigues de Faria, com a libera\u00e7\u00e3o de um ativo miner\u00e1rio<\/strong>.<\/p>\n<p>\u201cEi Dani, tudo bom? Como voc\u00ea est\u00e1? Como est\u00e3o as coisas a\u00ed? Desculpa te incomodar num domingo a\u00ed, \u00e9 jogo r\u00e1pido, tamb\u00e9m n\u00e3o quero tomar muito seu tempo. \u00c9 o seguinte, meu amigo, meu advogado, enfim, irm\u00e3o meu aqui, comentou comigo e falou daqui do seu nome. Eu falei: \u2018n\u00e3o conhe\u00e7o o Dani, enfim, n\u00e3o tenho a proximidade assim, at\u00e9 mesmo a que eu queria ter, enfim, de conversar e trocar ideia, mas eu o conhe\u00e7o.\u2019 Ele falou: \u2018cara, t\u00f4 com um ativo miner\u00e1rio l\u00e1, inclusive j\u00e1 passou pela ficha t\u00e9cnica, o pessoal t\u00e9cnico dele, enfim, t\u00e1 pendente l\u00e1, tem algumas pessoas que sabem disso l\u00e1 na empresa.\u2019 E eu falei: \u2018n\u00e3o, u\u00e9, eu posso dar um toque nele\u2019\u201d, diz Nikolas no \u00e1udio.<\/p>\n<p>\u201cEnt\u00e3o, assim, n\u00e3o sei nem do que se trata, mas, enfim, como \u00e9 uma pessoa, enfim, que eu confio totalmente, t\u00f4 passando a\u00ed pra voc\u00ea, pra se for do teu interesse, passar o contato dele aqui pra voc\u00eas tocarem isso, beleza? No mais, qualquer coisa t\u00f4 aqui \u00e0 disposi\u00e7\u00e3o\u201d, acrescentou o deputado.<\/p>\n<div id=\"fb_share_1\" style=\"float: right; margin-left: 10px;\"><a name=\"fb_share\" type=\"button\" share_url=\"https:\/\/www.orc.com.br\/novo\/brasil\/160294.html\" href=\"http:\/\/www.facebook.com\/sharer.php\">Share<\/a><\/div><div><script src=\"http:\/\/static.ak.fbcdn.net\/connect.php\/js\/FB.Share\" type=\"text\/javascript\"><\/script><\/div>","protected":false},"excerpt":{"rendered":"<p>O deputado federal Nikolas Ferreira (PL-MG) pediu ajuda ao ex-dono do Banco Master, Daniel Vorcaro, para a libera\u00e7\u00e3o de um ativo miner\u00e1rio e afirmou querer \u201cter mais proximidade\u201d com ele. As declara\u00e7\u00f5es est\u00e3o em \u00e1udios divulgados pelo site ICL Not\u00edcias. Procurada, a assessoria de Nikolas afirmou que a Pol\u00edcia Federal (PF) apontou que n\u00e3o h\u00e1 &#8230;<\/p>\n","protected":false},"author":3,"featured_media":160295,"comment_status":"open","ping_status":"open","sticky":false,"template":"","format":"standard","meta":[],"categories":[1],"tags":[8],"jetpack_featured_media_url":"https:\/\/orc.com.br\/novo\/wp-content\/uploads\/2026\/09\/Nikolas.webp","_links":{"self":[{"href":"https:\/\/www.orc.com.br\/novo\/wp-json\/wp\/v2\/posts\/160294"}],"collection":[{"href":"https:\/\/www.orc.com.br\/novo\/wp-json\/wp\/v2\/posts"}],"about":[{"href":"https:\/\/www.orc.com.br\/novo\/wp-json\/wp\/v2\/types\/post"}],"author":[{"embeddable":true,"href":"https:\/\/www.orc.com.br\/novo\/wp-json\/wp\/v2\/users\/3"}],"replies":[{"embeddable":true,"href":"https:\/\/www.orc.com.br\/novo\/wp-json\/wp\/v2\/comments?post=160294"}],"version-history":[{"count":1,"href":"https:\/\/www.orc.com.br\/novo\/wp-json\/wp\/v2\/posts\/160294\/revisions"}],"predecessor-version":[{"id":160296,"href":"https:\/\/www.orc.com.br\/novo\/wp-json\/wp\/v2\/posts\/160294\/revisions\/160296"}],"wp:featuredmedia":[{"embeddable":true,"href":"https:\/\/www.orc.com.br\/novo\/wp-json\/wp\/v2\/media\/160295"}],"wp:attachment":[{"href":"https:\/\/www.orc.com.br\/novo\/wp-json\/wp\/v2\/media?parent=160294"}],"wp:term":[{"taxonomy":"category","embeddable":true,"href":"https:\/\/www.orc.com.br\/novo\/wp-json\/wp\/v2\/categories?post=160294"},{"taxonomy":"post_tag","embeddable":true,"href":"https:\/\/www.orc.com.br\/novo\/wp-json\/wp\/v2\/tags?post=160294"}],"curies":[{"name":"wp","href":"https:\/\/api.w.org\/{rel}","templated":true}]}}