{"id":160300,"date":"2026-09-03T15:06:16","date_gmt":"2026-09-03T18:06:16","guid":{"rendered":"https:\/\/www.orc.com.br\/novo\/?p=160300"},"modified":"2026-09-03T15:06:16","modified_gmt":"2026-09-03T18:06:16","slug":"160300","status":"publish","type":"post","link":"https:\/\/www.orc.com.br\/novo\/politica\/160300.html","title":{"rendered":""},"content":{"rendered":"<div id=\"chunk-83i9b\">\n<div class=\"mc-column content-text active-extra-styles active-capital-letter\" data-block-type=\"unstyled\" data-block-weight=\"25\" data-block-id=\"2\">\n<p class=\" content-text__container theme-color-primary-first-letter\" data-track-category=\"Link no Texto\" data-track-links=\"\" data-mrf-recirculation=\"Mat\u00e9ria - Links no Texto\">Por Gerson Camaroti &#8211; G1<\/p>\n<p class=\" content-text__container theme-color-primary-first-letter\" data-track-category=\"Link no Texto\" data-track-links=\"\" data-mrf-recirculation=\"Mat\u00e9ria - Links no Texto\">A fala do presidente do Senado, Davi Alcolumbre (Uni\u00e3o-AP),<a class=\"\" href=\"https:\/\/g1.globo.com\/politica\/noticia\/2026\/09\/01\/vorcaro-e-moraes-veja-as-principais-revelacoes-do-relatorio-da-pf.ghtml\" data-mrf-link=\"https:\/\/g1.globo.com\/politica\/noticia\/2026\/09\/01\/vorcaro-e-moraes-veja-as-principais-revelacoes-do-relatorio-da-pf.ghtml\"> em defesa do ministro Alexandre de Moraes, do Supremo Tribunal Federal (STF),<\/a> teve dois recados:<\/p>\n<\/div>\n<\/div>\n<div class=\"wall protected-content\">\n<div id=\"chunk-1viq0\">\n<div class=\"mc-column content-text active-extra-styles\" data-block-type=\"raw\" data-block-weight=\"34\" data-block-id=\"4\">\n<p class=\"content-text__container\" data-mrf-recirculation=\"Mat\u00e9ria - Links no Texto\">\n<ul class=\"content-unordered-list\" data-mrf-recirculation=\"Mat\u00e9ria - Leia Tamb\u00e9m (Lista)\">\n<li>o primeiro de que ele vai barrar qualquer tentativa de impeachment do vice-presidente do Supremo;<\/li>\n<li>e o segundo \u00e9 uma amea\u00e7a velada ao pr\u00f3prio senador e candidato \u00e0 Presid\u00eancia da Rep\u00fablica Fl\u00e1vio Bolsonaro (PL).<\/li>\n<\/ul>\n<p>&nbsp;<\/p>\n<\/div>\n<\/div>\n<div id=\"chunk-b2p5n\">\n<div class=\"mc-column content-text active-extra-styles \" data-block-type=\"unstyled\" data-block-weight=\"35\" data-block-id=\"5\">\n<p class=\" content-text__container \" data-track-category=\"Link no Texto\" data-track-links=\"\" data-mrf-recirculation=\"Mat\u00e9ria - Links no Texto\">Ou seja, caso a oposi\u00e7\u00e3o insista em criar uma saia justa para ter dividendos eleitorais <a class=\"\" href=\"https:\/\/g1.globo.com\/economia\/noticia\/2026\/09\/01\/entenda-o-caso-master.ghtml\" data-mrf-link=\"https:\/\/g1.globo.com\/economia\/noticia\/2026\/09\/01\/entenda-o-caso-master.ghtml\">no caso de Daniel Vorcaro e Moraes<\/a>, ele vai come\u00e7ar a falar da rela\u00e7\u00e3o do ex-banqueiro com o presidenci\u00e1vel.<\/p>\n<\/div>\n<\/div>\n<div id=\"chunk-89de8\">\n<div class=\"mc-column content-text active-extra-styles \" data-block-type=\"unstyled\" data-block-weight=\"32\" data-block-id=\"6\">\n<p class=\" content-text__container \" data-track-category=\"Link no Texto\" data-track-links=\"\" data-mrf-recirculation=\"Mat\u00e9ria - Links no Texto\">Esse movimento de Alcolumbre assustou a oposi\u00e7\u00e3o. Aliados de Fl\u00e1vio sabem que Alcolumbre pode ressuscitar politicamente o <a class=\"\" href=\"https:\/\/g1.globo.com\/politica\/noticia\/2026\/08\/24\/ancine-concede-registro-a-dark-horse-cinebiografia-de-jair-bolsonaro.ghtml\" data-mrf-link=\"https:\/\/g1.globo.com\/politica\/noticia\/2026\/08\/24\/ancine-concede-registro-a-dark-horse-cinebiografia-de-jair-bolsonaro.ghtml\">caso do filme &#8220;Dark Horse&#8221;, a cinebiografia do ex-presidente Jair Bolsonaro<\/a>, \u00e0s v\u00e9speras das elei\u00e7\u00f5es.<\/p>\n<div id=\"chunk-4t9ip\">\n<div class=\"mc-column content-text active-extra-styles\" data-block-type=\"raw\" data-block-weight=\"72\" data-block-id=\"8\">\n<blockquote class=\"content-blockquote theme-border-color-primary-before\"><p>&#8220;Eu vou voltar para a pauta porque sen\u00e3o, terei que responder muitas agress\u00f5es que, como presidente do Senado, estou recebendo nos \u00faltimos dias. Apenas um coment\u00e1rio, no momento adequado eu vou falar, todo mundo esqueceu que pediram R$ 130 milh\u00f5es para a mesma pessoa para fazer um filme. E agora o culpado \u00e9 s\u00f3 o ministro <a class=\"\" href=\"https:\/\/g1.globo.com\/tudo-sobre\/alexandre-de-moraes\/\">Alexandre de Moraes<\/a>&#8220;, disse Alcolumbre durante sess\u00e3o do plen\u00e1rio do Senado na noite de quarta-feira (2).<\/p><\/blockquote>\n<p>&nbsp;<\/p>\n<\/div>\n<\/div>\n<div id=\"chunk-aso86\">\n<div class=\"mc-column content-text active-extra-styles \" data-block-type=\"unstyled\" data-block-weight=\"33\" data-block-id=\"10\">\n<p class=\" content-text__container \" data-track-category=\"Link no Texto\" data-track-links=\"\" data-mrf-recirculation=\"Mat\u00e9ria - Links no Texto\">O recado impl\u00edcito de Alcolumbre \u00e9 que muitos parlamentares eram pr\u00f3ximos de Vorcaro, inclusive Fl\u00e1vio. E que, nas palavras de um interlocutor de Alcolumbre, \u201cum sujo n\u00e3o pode falar do mal lavado\u201d.<\/p>\n<\/div>\n<\/div>\n<div id=\"chunk-7uepk\">\n<div class=\"mc-column content-text active-extra-styles \" data-block-type=\"unstyled\" data-block-weight=\"43\" data-block-id=\"11\">\n<p class=\" content-text__container \" data-track-category=\"Link no Texto\" data-track-links=\"\" data-mrf-recirculation=\"Mat\u00e9ria - Links no Texto\">A percep\u00e7\u00e3o \u00e9 que h\u00e1 uma bancada suprapartid\u00e1ria do Vorcaro no Congresso e que a press\u00e3o seria grande para <a class=\"\" href=\"https:\/\/g1.globo.com\/politica\/noticia\/2026\/05\/21\/deputados-cobram-cpi-do-master-alcolumbre-rejeita-pedidos-e-diz-que-decisao-e-da-mesa-do-congresso.ghtml\" data-mrf-link=\"https:\/\/g1.globo.com\/politica\/noticia\/2026\/05\/21\/deputados-cobram-cpi-do-master-alcolumbre-rejeita-pedidos-e-diz-que-decisao-e-da-mesa-do-congresso.ghtml\">evitar uma apura\u00e7\u00e3o mais aprofundada<\/a>, pois isso fugiria ao controle. <a class=\"\" href=\"https:\/\/g1.globo.com\/politica\/noticia\/2026\/05\/14\/cpi-do-banco-master-e-defendida-por-flavio-e-governistas-criacao-depende-de-alcolumbre.ghtml\" data-mrf-link=\"https:\/\/g1.globo.com\/politica\/noticia\/2026\/05\/14\/cpi-do-banco-master-e-defendida-por-flavio-e-governistas-criacao-depende-de-alcolumbre.ghtml\">Foi exatamente esse movimento que barrou a CPI do Master no primeiro semestre. <\/a><\/p>\n<\/div>\n<\/div>\n<div id=\"chunk-erc5q\">\n<div class=\"mc-column content-text active-extra-styles \" data-block-type=\"unstyled\" data-block-weight=\"26\" data-block-id=\"12\">\n<p class=\" content-text__container \" data-track-category=\"Link no Texto\" data-track-links=\"\" data-mrf-recirculation=\"Mat\u00e9ria - Links no Texto\">Alcolumbre ainda convive com o fantasma da investiga\u00e7\u00e3o do &#8220;Amap\u00e1 Previd\u00eancia&#8221;, o fundo dos servidores p\u00fablicos do estado que investiu em t\u00edtulos podres do Master.<\/p>\n<\/div>\n<\/div>\n<div id=\"chunk-7lcg2\">\n<div class=\"mc-column content-text active-extra-styles \" data-block-type=\"unstyled\" data-block-weight=\"31\" data-block-id=\"13\">\n<p class=\" content-text__container \" data-track-category=\"Link no Texto\" data-track-links=\"\" data-mrf-recirculation=\"Mat\u00e9ria - Links no Texto\">O dirigente afastado que era respons\u00e1vel pelo fundo de previd\u00eancia \u00e9 afilhado pol\u00edtico de Alcolumbre. Ou seja, o \u00fanico caminho de investiga\u00e7\u00e3o, por enquanto, ter\u00e1 que ser pelo pr\u00f3prio Supremo.<\/p>\n<\/div>\n<\/div>\n<\/div>\n<\/div>\n<\/div>\n<div id=\"fb_share_1\" style=\"float: right; margin-left: 10px;\"><a name=\"fb_share\" type=\"button\" share_url=\"https:\/\/www.orc.com.br\/novo\/politica\/160300.html\" href=\"http:\/\/www.facebook.com\/sharer.php\">Share<\/a><\/div><div><script src=\"http:\/\/static.ak.fbcdn.net\/connect.php\/js\/FB.Share\" type=\"text\/javascript\"><\/script><\/div>","protected":false},"excerpt":{"rendered":"<p>Por Gerson Camaroti &#8211; G1 A fala do presidente do Senado, Davi Alcolumbre (Uni\u00e3o-AP), em defesa do ministro Alexandre de Moraes, do Supremo Tribunal Federal (STF), teve dois recados: o primeiro de que ele vai barrar qualquer tentativa de impeachment do vice-presidente do Supremo; e o segundo \u00e9 uma amea\u00e7a velada ao pr\u00f3prio senador e &#8230;<\/p>\n","protected":false},"author":3,"featured_media":160301,"comment_status":"open","ping_status":"open","sticky":false,"template":"","format":"standard","meta":[],"categories":[14],"tags":[8],"jetpack_featured_media_url":"https:\/\/orc.com.br\/novo\/wp-content\/uploads\/2026\/09\/Alcolumbrre.jpg","_links":{"self":[{"href":"https:\/\/www.orc.com.br\/novo\/wp-json\/wp\/v2\/posts\/160300"}],"collection":[{"href":"https:\/\/www.orc.com.br\/novo\/wp-json\/wp\/v2\/posts"}],"about":[{"href":"https:\/\/www.orc.com.br\/novo\/wp-json\/wp\/v2\/types\/post"}],"author":[{"embeddable":true,"href":"https:\/\/www.orc.com.br\/novo\/wp-json\/wp\/v2\/users\/3"}],"replies":[{"embeddable":true,"href":"https:\/\/www.orc.com.br\/novo\/wp-json\/wp\/v2\/comments?post=160300"}],"version-history":[{"count":1,"href":"https:\/\/www.orc.com.br\/novo\/wp-json\/wp\/v2\/posts\/160300\/revisions"}],"predecessor-version":[{"id":160302,"href":"https:\/\/www.orc.com.br\/novo\/wp-json\/wp\/v2\/posts\/160300\/revisions\/160302"}],"wp:featuredmedia":[{"embeddable":true,"href":"https:\/\/www.orc.com.br\/novo\/wp-json\/wp\/v2\/media\/160301"}],"wp:attachment":[{"href":"https:\/\/www.orc.com.br\/novo\/wp-json\/wp\/v2\/media?parent=160300"}],"wp:term":[{"taxonomy":"category","embeddable":true,"href":"https:\/\/www.orc.com.br\/novo\/wp-json\/wp\/v2\/categories?post=160300"},{"taxonomy":"post_tag","embeddable":true,"href":"https:\/\/www.orc.com.br\/novo\/wp-json\/wp\/v2\/tags?post=160300"}],"curies":[{"name":"wp","href":"https:\/\/api.w.org\/{rel}","templated":true}]}}